{"id":14214,"date":"2023-04-13T14:25:00","date_gmt":"2023-04-13T12:25:00","guid":{"rendered":"https:\/\/petmark.ba\/magazin\/?p=14214"},"modified":"2023-05-18T14:30:50","modified_gmt":"2023-05-18T12:30:50","slug":"na-najprestizniji-modni-dogadjaj-u-svijetu-pozvana-i-choupette-macka-karla-lagerfelda","status":"publish","type":"post","link":"https:\/\/petmark.ba\/magazin\/na-najprestizniji-modni-dogadjaj-u-svijetu-pozvana-i-choupette-macka-karla-lagerfelda\/","title":{"rendered":"Na najpresti\u017eniji modni doga\u0111aj u svijetu pozvana i Choupette, ma\u010dka Karla Lagerfelda"},"content":{"rendered":"\n<p><strong>Ovogodi\u0161nja Met Gala, najpresti\u017eniji modni doga\u0111aj u svijetu, koji \u0107e se odr\u017eati 1. jula u Metropolitan Museum of Art u New Yorku, posve\u0107ena je preminulom slavnom dizajneru Karlu Lagerfeldu.<\/strong><\/p>\n\n\n\n<p>Pozivnicu za doga\u0111aj dobila je i Choupette, 11-godi\u0161nja ma\u010dka \u010diji je vlasnik bio Lagerfeld, a vijest je potvrdio ma\u010dkin agent Lucas Berullier, pi\u0161e<a href=\"https:\/\/nypost.com\/2023\/04\/10\/karl-lagerfelds-cat-choupette-invited-to-the-met-gala\/\">&nbsp;New York Post<\/a>.<\/p>\n\n\n\n<p>Jo\u0161 uvijek nije slu\u017ebeno potvr\u0111eno ho\u0107e li Choupette i do\u0107i na Met Galu, kao ni ko \u0107e biti u njenoj pratnji.<\/p>\n\n\n\n<p>Ovogodi\u0161nja tema koje \u0107e se zvijezde na crvenom tepihu morati pridr\u017eavati vrlo je jednostavna, a glasi &#8211; &#8220;U \u010dast Karlu.&#8221;<\/p>\n\n\n\n<p>&#8211; Ovo je doga\u0111aj u \u010dast Karlove ostav\u0161tine, a Choupette je o\u010digledan dio toga &#8211; rekao je Berullier.<\/p>\n\n\n\n<p>Michelle Baron, koja je ilustrirala Where's Karl?: A Fashion-Forward Parody, rekla je da zami\u0161lja ma\u010dku kako dolazi na crveni tepih s Annom Wintour.<\/p>\n\n\n\n<p>&#8211; Najve\u0107i show bi bio kada bi u\u0161etala sama ili s velikom zvijezdom poput Beyonce. Ili \u0107e je mo\u017eda dopratiti Karlov biv\u0161i tjelohranitelj &#8211; dodala je Baron.<\/p>\n\n\n\n<p>Ove godine Met Galu vodit \u0107e \u010detiri poznate zvijezde: pjeva\u010dica Dua Lipa, glumica Penelope Cruz, teniser Roger Federer i britanska glumica Michaela Coel.<\/p>\n\n\n\n<p>Svi voditelji nosit \u0107e ne\u0161to s potpisom poznatog dizajnera, koji je radio za Chanel, Fendi, Chloe i Balmain.<\/p>\n\n\n\n<p><em>Foto: citymagazine<\/em><\/p>\n","protected":false},"excerpt":{"rendered":"<p>Ovogodi\u0161nja Met Gala, najpresti\u017eniji modni doga\u0111aj u svijetu, koji \u0107e se odr\u017eati 1. jula u Metropolitan Museum of Art u New Yorku, posve\u0107ena je preminulom slavnom dizajneru Karlu Lagerfeldu. Pozivnicu za doga\u0111aj dobila je i Choupette, 11-godi\u0161nja ma\u010dka \u010diji je vlasnik bio Lagerfeld, a vijest je potvrdio ma\u010dkin agent Lucas Berullier, pi\u0161e&nbsp;New York Post. Jo\u0161 [&hellip;]<\/p>\n","protected":false},"author":1,"featured_media":14216,"comment_status":"open","ping_status":"open","sticky":false,"template":"","format":"standard","meta":{"slim_seo":{"title":"Na najpresti\u017eniji modni doga\u0111aj u svijetu pozvana i Choupette, ma\u010dka Karla Lagerfelda - Petmark Magazin","description":"Ovogodi\u0161nja Met Gala, najpresti\u017eniji modni doga\u0111aj u svijetu, koji \u0107e se odr\u017eati 1. jula u Metropolitan Museum of Art u New Yorku, posve\u0107ena je preminulom slavn"},"_jetpack_memberships_contains_paid_content":false,"footnotes":"","jetpack_publicize_message":"","jetpack_publicize_feature_enabled":true,"jetpack_social_post_already_shared":false,"jetpack_social_options":{"image_generator_settings":{"template":"highway","default_image_id":0,"font":"","enabled":false},"version":2}},"categories":[62,47,1],"tags":[],"class_list":["post-14214","post","type-post","status-publish","format-standard","has-post-thumbnail","hentry","category-ljubimci-poznatih","category-macka","category-nekategorisano"],"jetpack_publicize_connections":[],"jetpack_featured_media_url":"https:\/\/petmark.ba\/magazin\/wp-content\/uploads\/2023\/04\/Na-najprestizniji-modni-dogadjaj-u-svijetu-pozvana-i-Choupette-macka-Karla-Lagerfelda.jpg","jetpack_sharing_enabled":true,"_links":{"self":[{"href":"https:\/\/petmark.ba\/magazin\/wp-json\/wp\/v2\/posts\/14214","targetHints":{"allow":["GET"]}}],"collection":[{"href":"https:\/\/petmark.ba\/magazin\/wp-json\/wp\/v2\/posts"}],"about":[{"href":"https:\/\/petmark.ba\/magazin\/wp-json\/wp\/v2\/types\/post"}],"author":[{"embeddable":true,"href":"https:\/\/petmark.ba\/magazin\/wp-json\/wp\/v2\/users\/1"}],"replies":[{"embeddable":true,"href":"https:\/\/petmark.ba\/magazin\/wp-json\/wp\/v2\/comments?post=14214"}],"version-history":[{"count":2,"href":"https:\/\/petmark.ba\/magazin\/wp-json\/wp\/v2\/posts\/14214\/revisions"}],"predecessor-version":[{"id":14217,"href":"https:\/\/petmark.ba\/magazin\/wp-json\/wp\/v2\/posts\/14214\/revisions\/14217"}],"wp:featuredmedia":[{"embeddable":true,"href":"https:\/\/petmark.ba\/magazin\/wp-json\/wp\/v2\/media\/14216"}],"wp:attachment":[{"href":"https:\/\/petmark.ba\/magazin\/wp-json\/wp\/v2\/media?parent=14214"}],"wp:term":[{"taxonomy":"category","embeddable":true,"href":"https:\/\/petmark.ba\/magazin\/wp-json\/wp\/v2\/categories?post=14214"},{"taxonomy":"post_tag","embeddable":true,"href":"https:\/\/petmark.ba\/magazin\/wp-json\/wp\/v2\/tags?post=14214"}],"curies":[{"name":"wp","href":"https:\/\/api.w.org\/{rel}","templated":true}]}}